{"id":10482,"date":"2022-07-01T18:41:39","date_gmt":"2022-07-01T17:41:39","guid":{"rendered":"http:\/\/culturaliagz.com\/?p=10482"},"modified":"2022-07-01T18:43:55","modified_gmt":"2022-07-01T17:43:55","slug":"familias-e-cativada-no-centro-da-terceira-xornada-do-festival-atlantica-en-santiago","status":"publish","type":"post","link":"http:\/\/culturaliagz.com\/?p=10482","title":{"rendered":"Familias e cativada, no centro da terceira xornada do Festival Atl\u00e1ntica en Santiago"},"content":{"rendered":"\n<p><\/p>\n\n\n<div class=\"wp-block-image\">\n<figure class=\"aligncenter size-full\"><a href=\"http:\/\/culturaliagz.com\/wp-content\/uploads\/2022\/07\/71E1E01D-CC82-412F-A95B-AB147F8DDD55.png\" target=\"_blank\" rel=\"noreferrer noopener\"><img loading=\"lazy\" decoding=\"async\" width=\"2339\" height=\"3308\" src=\"http:\/\/culturaliagz.com\/wp-content\/uploads\/2022\/07\/71E1E01D-CC82-412F-A95B-AB147F8DDD55.png\" alt=\"\" class=\"wp-image-10483\" srcset=\"http:\/\/culturaliagz.com\/wp-content\/uploads\/2022\/07\/71E1E01D-CC82-412F-A95B-AB147F8DDD55.png 2339w, http:\/\/culturaliagz.com\/wp-content\/uploads\/2022\/07\/71E1E01D-CC82-412F-A95B-AB147F8DDD55-1280x1810.png 1280w, http:\/\/culturaliagz.com\/wp-content\/uploads\/2022\/07\/71E1E01D-CC82-412F-A95B-AB147F8DDD55-980x1386.png 980w, http:\/\/culturaliagz.com\/wp-content\/uploads\/2022\/07\/71E1E01D-CC82-412F-A95B-AB147F8DDD55-480x679.png 480w\" sizes=\"auto, (min-width: 0px) and (max-width: 480px) 480px, (min-width: 481px) and (max-width: 980px) 980px, (min-width: 981px) and (max-width: 1280px) 1280px, (min-width: 1281px) 2339px, 100vw\" \/><\/a><\/figure>\n<\/div>\n\n\n<p><\/p>\n\n\n\n<p><\/p>\n\n\n\n<p><strong>FAMILIAS E CATIVADA, NO CENTRO DA TERCEIRA XORNADA DO FESTIVAL ATL\u00c1NTICA EN SANTIAGO<\/strong><\/p>\n\n\n\n<p><strong>\u00b7&nbsp;&nbsp;&nbsp;&nbsp;&nbsp;&nbsp;&nbsp;&nbsp;Virginia Imaz (Euskal Herria) e Carolina Rueda (Colombia) actuar\u00e1n xuntas pola ma\u00f1\u00e1 e pola noite<strong>\u00b7&nbsp;&nbsp;&nbsp;&nbsp;&nbsp;&nbsp;&nbsp;&nbsp;<\/strong><\/strong><\/p>\n\n\n\n<p>.        <strong><strong>A \u2018Gaitazumba\u2019 de Luis Prego regresa este ano ao festival e tomar\u00e1 a Praza de Cervantes\u00b7&nbsp;&nbsp;&nbsp;&nbsp;&nbsp;&nbsp;&nbsp;&nbsp;<\/strong><\/strong><\/p>\n\n\n\n<p>.        <strong><strong>Os beb\u00e9s ter\u00e1n unha cita con Atenea Garc\u00eda no Parque de Bonaval<\/strong><\/strong><\/p>\n\n\n\n<p><\/p>\n\n\n\n<figure class=\"wp-block-gallery has-nested-images columns-default is-cropped wp-block-gallery-1 is-layout-flex wp-block-gallery-is-layout-flex\">\n<figure class=\"wp-block-image size-large\"><a href=\"http:\/\/culturaliagz.com\/wp-content\/uploads\/2022\/07\/EFAFF103-EBB1-4238-B5F8-1C011761472A.jpeg\" target=\"_blank\" rel=\"noreferrer noopener\"><img loading=\"lazy\" decoding=\"async\" width=\"1024\" height=\"682\" data-id=\"10485\" src=\"http:\/\/culturaliagz.com\/wp-content\/uploads\/2022\/07\/EFAFF103-EBB1-4238-B5F8-1C011761472A-1024x682.jpeg\" alt=\"\" class=\"wp-image-10485\" srcset=\"http:\/\/culturaliagz.com\/wp-content\/uploads\/2022\/07\/EFAFF103-EBB1-4238-B5F8-1C011761472A-980x653.jpeg 980w, http:\/\/culturaliagz.com\/wp-content\/uploads\/2022\/07\/EFAFF103-EBB1-4238-B5F8-1C011761472A-480x320.jpeg 480w\" sizes=\"auto, (min-width: 0px) and (max-width: 480px) 480px, (min-width: 481px) and (max-width: 980px) 980px, (min-width: 981px) 1024px, 100vw\" \/><\/a><\/figure>\n\n\n\n<figure class=\"wp-block-image size-large\"><a href=\"http:\/\/culturaliagz.com\/wp-content\/uploads\/2022\/07\/C36449EB-298B-4ABD-AFFE-0E2C5B467162.jpeg\" target=\"_blank\" rel=\"noreferrer noopener\"><img loading=\"lazy\" decoding=\"async\" width=\"1024\" height=\"682\" data-id=\"10484\" src=\"http:\/\/culturaliagz.com\/wp-content\/uploads\/2022\/07\/C36449EB-298B-4ABD-AFFE-0E2C5B467162-1024x682.jpeg\" alt=\"\" class=\"wp-image-10484\" srcset=\"http:\/\/culturaliagz.com\/wp-content\/uploads\/2022\/07\/C36449EB-298B-4ABD-AFFE-0E2C5B467162-980x653.jpeg 980w, http:\/\/culturaliagz.com\/wp-content\/uploads\/2022\/07\/C36449EB-298B-4ABD-AFFE-0E2C5B467162-480x320.jpeg 480w\" sizes=\"auto, (min-width: 0px) and (max-width: 480px) 480px, (min-width: 481px) and (max-width: 980px) 980px, (min-width: 981px) 1024px, 100vw\" \/><\/a><\/figure>\n\n\n\n<figure class=\"wp-block-image size-large\"><a href=\"http:\/\/culturaliagz.com\/wp-content\/uploads\/2022\/07\/7CD23BC4-EDE6-4C24-8EB0-E601882A1192-scaled.jpeg\" target=\"_blank\" rel=\"noreferrer noopener\"><img loading=\"lazy\" decoding=\"async\" width=\"768\" height=\"1024\" data-id=\"10486\" src=\"http:\/\/culturaliagz.com\/wp-content\/uploads\/2022\/07\/7CD23BC4-EDE6-4C24-8EB0-E601882A1192-768x1024.jpeg\" alt=\"\" class=\"wp-image-10486\"\/><\/a><\/figure>\n\n\n\n<figure class=\"wp-block-image size-large\"><a href=\"http:\/\/culturaliagz.com\/wp-content\/uploads\/2022\/07\/CBA65F38-0BF8-44B3-93AF-179F8428CF5C.jpeg\" target=\"_blank\" rel=\"noreferrer noopener\"><img loading=\"lazy\" decoding=\"async\" width=\"1024\" height=\"683\" data-id=\"10487\" src=\"http:\/\/culturaliagz.com\/wp-content\/uploads\/2022\/07\/CBA65F38-0BF8-44B3-93AF-179F8428CF5C-1024x683.jpeg\" alt=\"\" class=\"wp-image-10487\" srcset=\"http:\/\/culturaliagz.com\/wp-content\/uploads\/2022\/07\/CBA65F38-0BF8-44B3-93AF-179F8428CF5C-980x654.jpeg 980w, http:\/\/culturaliagz.com\/wp-content\/uploads\/2022\/07\/CBA65F38-0BF8-44B3-93AF-179F8428CF5C-480x320.jpeg 480w\" sizes=\"auto, (min-width: 0px) and (max-width: 480px) 480px, (min-width: 481px) and (max-width: 980px) 980px, (min-width: 981px) 1024px, 100vw\" \/><\/a><\/figure>\n<\/figure>\n\n\n\n<p><\/p>\n\n\n\n<p><\/p>\n\n\n\n<p>A Praza de Cervantes concentrar\u00e1 a actividade do Festival Atl\u00e1ntica durante a ma\u00f1\u00e1 do s\u00e1bado. A partir das 12 horas, o p\u00fablico infantil e familiar ten unha cita cos \u2018Contos do Cant\u00e1brico ao Pac\u00edfico\u2019 da narradora guipuscoana&nbsp;<strong>Virginia Imaz<\/strong>e mais a colombiana&nbsp;<strong>Carolina Rueda<\/strong>. Unha vez rematada a sesi\u00f3n, o p\u00fablico est\u00e1 convidado a participar no espect\u00e1culo de \u2018Gaitazumba\u2019 de&nbsp;<strong>Luis Prego<\/strong>,&nbsp;\u00e1s 12:45&nbsp;horas, no mesmo lugar.<\/p>\n\n\n\n<p>Pola tardi\u00f1a, \u00e1s 19 horas, o Parque de Bonaval recibir\u00e1 a funci\u00f3n \u2018Corochas\u2019 de&nbsp;<strong>Atenea Garc\u00eda<\/strong>, concibido para beb\u00e9s de entre cero e tres anos. A quenda do p\u00fablico adulto comezar\u00e1&nbsp;\u00e1s 21:30&nbsp;horas, tam\u00e9n en Bonaval, cando&nbsp;<strong>Virginia Imaz e Carolina Rueda<\/strong>volvan compartir escenario coas historias da \u2018Mitolox\u00eda vasca\u2019 e dos \u2018Contos e sucedidos\u2019, respectivamente.<\/p>\n\n\n\n<p>O domingo, 3 de xullo, logo dunha pausa de dous anos por mor da pandemia, vaise celebrar de novo o \u2018Verm\u00fa de contos\u2019, unha xuntanza informal entre os artistas e o p\u00fablico nun ambiente distendido na leira de Barcia, en Rib\u00f3o, no concello da&nbsp;Estrada. As prazas para esta actividade son limitadas e para asistir c\u00f3mpre inscribirse a trav\u00e9s do correo&nbsp;<a href=\"mailto:festivalatlantica@gmail.com\" target=\"_blank\" rel=\"noreferrer noopener\">festivalatlantica@gmail.com<\/a>. Unha vez formalizada a inscrici\u00f3n, achegarase toda a informaci\u00f3n sobre a actividade e a localizaci\u00f3n exacta aos participantes.<\/p>\n\n\n\n<p><strong>Al\u00e9n de Santiago<\/strong><\/p>\n\n\n\n<p>E mentres todo isto est\u00e1 a acontecer en Santiago, o s\u00e1bado haber\u00e1 tam\u00e9n contos atl\u00e1nticos no auditorio do Concello de&nbsp;Pazos de Borb\u00e9n&nbsp;(V\u00edtor Fernandes e Estef\u00e2nia Surreira,&nbsp;12 h), na casa da \u00e1rbore de Anxo Moure en Garabelos,&nbsp;Chantada, no h\u00f3rreo de&nbsp;Carnota&nbsp;(Paula Carballeira,&nbsp;20:30 h), no Castelo de Castrodouro en&nbsp;Alfoz&nbsp;(Santi Prego e Jorge de Arcos,&nbsp;20:30 h) e na Eira de Traxeito de&nbsp;Dodro&nbsp;(Sofia maul e Charo Pita,&nbsp;20:30 h). E o domingo, Lois P\u00e9rez estar\u00e1 en&nbsp;Mondo\u00f1edo&nbsp;na casa modernista Santa Emilia (21:30 h).<\/p>\n\n\n\n<p><strong>Pausa ata o m\u00e9rcores<\/strong><\/p>\n\n\n\n<p>O festival Atl\u00e1ntica descansar\u00e1 ata o vindeiro m\u00e9rcores 6 de xullo, cando os contos volvan tanto a Santiago como ao resto das sedes ata&nbsp;<a>completar os 94 espect\u00e1culos previstos nesta edici\u00f3n por toda Galicia<\/a>. Esta intensa programaci\u00f3n \u00e9 posible grazas ao financiamento da Xunta de Galicia e da Deputaci\u00f3n da Coru\u00f1a e a colaboraci\u00f3n dos concellos e entidades que acollen ao festival. C\u00f3mpre lembrar que Atl\u00e1ntica desenvolve a s\u00faa actividade nas localidades de Ferrol, Alfoz, Boiro, Cuntis, Dodro, Lal\u00edn, Mondo\u00f1edo, Mugardos, A Pobra do Carami\u00f1al, Ribeira, Outes, Sanxenxo, Ourense, Pazos de Borb\u00e9n, Vigo, A Estrada, Campo Lameiro, Carnota, Chantada, Paderne, Zas, Teo e Padr\u00f3n ademais de Santiago de Compostela. Toda a informaci\u00f3n sobre os espect\u00e1culos e os artistas est\u00e1 dispo\u00f1ible na web do festival.<\/p>\n\n\n\n<p>Festival Atl\u00e1ntica<\/p>\n\n\n\n<p>Atl\u00e1ntica, Festival Internacional de Narraci\u00f3n Oral, naceu no ano 2013 con sede en Santiago de Compostela cunha clara vocaci\u00f3n de ser un encontro de voces e historias de perfil atlantista. O seu obxectivo inicial era indagar nas ra\u00edces das historias do oc\u00e9ano, na procura da identidade cultural com\u00fan do Atl\u00e1ntico e nas historias que se foron difundindo polos cami\u00f1os do mar. Co paso do tempo este obxectivo ampliouse coa incorporaci\u00f3n da rede de festivais do atl\u00e1ntico e a interacci\u00f3n do patrimonio inmaterial das historias co patrimonio material e cultural de Galicia. Na actualidade, Atl\u00e1ntica presenta unha identidade propia e singular que o converte nun referente dentro dos encontros de narraci\u00f3n oral da Pen\u00ednsula Ib\u00e9rica e de Am\u00e9rica Latina.<\/p>\n\n\n\n<p><strong><strong>+INFO:\u00a0<a href=\"http:\/\/festivalatlantica.gal\/\">http:\/\/<\/a><a rel=\"noreferrer noopener\" href=\"http:\/\/festivalatlantica.gal\/\" target=\"_blank\">festivalatlantica<\/a><a href=\"http:\/\/festivalatlantica.gal\/\">.gal<\/a><\/strong><\/strong><\/p>\n\n\n\n<p><\/p>\n\n\n<a href=\"http:\/\/culturaliagz.com\/wp-content\/uploads\/2022\/07\/20220701-NP-SANTIAGO_FestivalAtlantica.pdf\" class=\"pdfemb-viewer\" style=\"\" data-width=\"max\" data-height=\"max\" data-toolbar=\"bottom\" data-toolbar-fixed=\"off\">20220701-NP-SANTIAGO_FestivalAtlantica<\/a>\n<p class=\"wp-block-pdfemb-pdf-embedder-viewer\"><\/p>\n","protected":false},"excerpt":{"rendered":"<p>FAMILIAS E CATIVADA, NO CENTRO DA TERCEIRA XORNADA DO FESTIVAL ATL\u00c1NTICA EN SANTIAGO \u00b7&nbsp;&nbsp;&nbsp;&nbsp;&nbsp;&nbsp;&nbsp;&nbsp;Virginia Imaz (Euskal Herria) e Carolina Rueda (Colombia) actuar\u00e1n xuntas pola ma\u00f1\u00e1 e pola noite\u00b7&nbsp;&nbsp;&nbsp;&nbsp;&nbsp;&nbsp;&nbsp;&nbsp; . A [&hellip;]<\/p>\n","protected":false},"author":1,"featured_media":0,"comment_status":"open","ping_status":"open","sticky":false,"template":"","format":"standard","meta":{"_et_pb_use_builder":"","_et_pb_old_content":"","_et_gb_content_width":"","_jetpack_memberships_contains_paid_content":false,"footnotes":""},"categories":[23,7,129,6,57,1],"tags":[629],"class_list":["post-10482","post","type-post","status-publish","format-standard","hentry","category-autoresas","category-creacion","category-literaria","category-novas","category-outras-artes","category-xeral","tag-festival-atlantica"],"jetpack_featured_media_url":"","jetpack_sharing_enabled":true,"_links":{"self":[{"href":"http:\/\/culturaliagz.com\/index.php?rest_route=\/wp\/v2\/posts\/10482","targetHints":{"allow":["GET"]}}],"collection":[{"href":"http:\/\/culturaliagz.com\/index.php?rest_route=\/wp\/v2\/posts"}],"about":[{"href":"http:\/\/culturaliagz.com\/index.php?rest_route=\/wp\/v2\/types\/post"}],"author":[{"embeddable":true,"href":"http:\/\/culturaliagz.com\/index.php?rest_route=\/wp\/v2\/users\/1"}],"replies":[{"embeddable":true,"href":"http:\/\/culturaliagz.com\/index.php?rest_route=%2Fwp%2Fv2%2Fcomments&post=10482"}],"version-history":[{"count":3,"href":"http:\/\/culturaliagz.com\/index.php?rest_route=\/wp\/v2\/posts\/10482\/revisions"}],"predecessor-version":[{"id":10491,"href":"http:\/\/culturaliagz.com\/index.php?rest_route=\/wp\/v2\/posts\/10482\/revisions\/10491"}],"wp:attachment":[{"href":"http:\/\/culturaliagz.com\/index.php?rest_route=%2Fwp%2Fv2%2Fmedia&parent=10482"}],"wp:term":[{"taxonomy":"category","embeddable":true,"href":"http:\/\/culturaliagz.com\/index.php?rest_route=%2Fwp%2Fv2%2Fcategories&post=10482"},{"taxonomy":"post_tag","embeddable":true,"href":"http:\/\/culturaliagz.com\/index.php?rest_route=%2Fwp%2Fv2%2Ftags&post=10482"}],"curies":[{"name":"wp","href":"https:\/\/api.w.org\/{rel}","templated":true}]}}