{"id":976,"global_id":"culturaliagz.com?id=976","global_id_lineage":["culturaliagz.com?id=976"],"author":"25","status":"publish","date":"2017-03-16 17:12:48","date_utc":"2017-03-16 17:12:48","modified":"2017-04-14 23:26:34","modified_utc":"2017-04-14 23:26:34","url":"http:\/\/culturaliagz.com\/?tribe_events=mondonedo-e-poesia-2017-4a-edicion","rest_url":"http:\/\/culturaliagz.com\/index.php?rest_route=\/tribe\/events\/v1\/events\/976","title":"Mondo\u00f1edo \u00e9 poes\u00eda 2017 (4\u00aa edici\u00f3n)","description":"<p>Xa estamos preparando a 4\u00aa eidic\u00f3n de &#8216;Mondo\u00f1edo \u00e9 poes\u00eda&#8217;. Ser\u00e1 o 1 de maio de 2017, como adoita, con recitais na r\u00faa e no Auditorio &#8216;Pascual Veiga&#8217;. Podemos adiantar que haber\u00e1 unha homenaxe da Eduardo\u00a0Lence Santar, polo centenario do seu nomeamento como Cronista Oficial de Mondo\u00f1edo, e que tam\u00e9n haber\u00e1 regueifas. Que m\u00e1is? Pois &#8230; que recitar\u00e1n grandes, enormes nomes da poes\u00eda galega actual.<\/p>","excerpt":"","slug":"mondonedo-e-poesia-2017-4a-edicion","image":{"url":"http:\/\/culturaliagz.com\/wp-content\/uploads\/2017\/03\/MONDO\u00d1EDO-\u00c9-2017.jpg","id":1113,"extension":"jpg","width":3307,"height":1240,"sizes":{"thumbnail":{"width":150,"height":150,"mime-type":"image\/jpeg","url":"http:\/\/culturaliagz.com\/wp-content\/uploads\/2017\/03\/MONDO\u00d1EDO-\u00c9-2017-150x150.jpg"},"medium":{"width":300,"height":112,"mime-type":"image\/jpeg","url":"http:\/\/culturaliagz.com\/wp-content\/uploads\/2017\/03\/MONDO\u00d1EDO-\u00c9-2017-300x112.jpg"},"medium_large":{"width":768,"height":288,"mime-type":"image\/jpeg","url":"http:\/\/culturaliagz.com\/wp-content\/uploads\/2017\/03\/MONDO\u00d1EDO-\u00c9-2017-768x288.jpg"},"large":{"width":1024,"height":384,"mime-type":"image\/jpeg","url":"http:\/\/culturaliagz.com\/wp-content\/uploads\/2017\/03\/MONDO\u00d1EDO-\u00c9-2017-1024x384.jpg"},"et-pb-post-main-image":{"width":400,"height":250,"mime-type":"image\/jpeg","url":"http:\/\/culturaliagz.com\/wp-content\/uploads\/2017\/03\/MONDO\u00d1EDO-\u00c9-2017-400x250.jpg"},"et-pb-post-main-image-fullwidth":{"width":1080,"height":675,"mime-type":"image\/jpeg","url":"http:\/\/culturaliagz.com\/wp-content\/uploads\/2017\/03\/MONDO\u00d1EDO-\u00c9-2017-1080x675.jpg"},"et-pb-portfolio-image":{"width":400,"height":284,"mime-type":"image\/jpeg","url":"http:\/\/culturaliagz.com\/wp-content\/uploads\/2017\/03\/MONDO\u00d1EDO-\u00c9-2017-400x284.jpg"},"et-pb-portfolio-module-image":{"width":510,"height":382,"mime-type":"image\/jpeg","url":"http:\/\/culturaliagz.com\/wp-content\/uploads\/2017\/03\/MONDO\u00d1EDO-\u00c9-2017-510x382.jpg"},"et-pb-portfolio-image-single":{"width":1080,"height":405,"mime-type":"image\/jpeg","url":"http:\/\/culturaliagz.com\/wp-content\/uploads\/2017\/03\/MONDO\u00d1EDO-\u00c9-2017-1080x405.jpg"},"et-pb-gallery-module-image-portrait":{"width":400,"height":516,"mime-type":"image\/jpeg","url":"http:\/\/culturaliagz.com\/wp-content\/uploads\/2017\/03\/MONDO\u00d1EDO-\u00c9-2017-400x516.jpg"}}},"all_day":false,"start_date":"2017-05-01 08:00:00","start_date_details":{"year":"2017","month":"05","day":"01","hour":"08","minutes":"00","seconds":"00"},"end_date":"2017-05-01 17:00:00","end_date_details":{"year":"2017","month":"05","day":"01","hour":"17","minutes":"00","seconds":"00"},"utc_start_date":"2017-05-01 08:00:00","utc_start_date_details":{"year":"2017","month":"05","day":"01","hour":"08","minutes":"00","seconds":"00"},"utc_end_date":"2017-05-01 17:00:00","utc_end_date_details":{"year":"2017","month":"05","day":"01","hour":"17","minutes":"00","seconds":"00"},"timezone":"UTC+0","timezone_abbr":"","cost":"","cost_details":{"currency_symbol":"","currency_code":"","currency_position":"prefix","values":[]},"website":"","show_map":true,"show_map_link":true,"hide_from_listings":false,"sticky":true,"featured":true,"categories":[{"name":"Eventos","slug":"eventos","term_group":0,"term_taxonomy_id":52,"taxonomy":"tribe_events_cat","description":"","parent":0,"count":22,"filter":"raw","id":52,"urls":{"self":"http:\/\/culturaliagz.com\/index.php?rest_route=\/tribe\/events\/v1\/categories\/52","collection":"http:\/\/culturaliagz.com\/index.php?rest_route=\/tribe\/events\/v1\/categories"}}],"tags":[],"venue":[],"organizer":[],"custom_fields":[],"json_ld":{"@context":"http:\/\/schema.org","@type":"Event","name":"Mondo\u00f1edo \u00e9 poes\u00eda 2017 (4\u00aa edici\u00f3n)","description":"&lt;p&gt;Xa estamos preparando a 4\u00aa eidic\u00f3n de \\'Mondo\u00f1edo \u00e9 poes\u00eda\\'. Ser\u00e1 o 1 de maio de 2017, como adoita, con recitais na r\u00faa e no Auditorio \\'Pascual Veiga\\'. Podemos adiantar [&hellip;]&lt;\/p&gt;\\n","image":"http:\/\/culturaliagz.com\/wp-content\/uploads\/2017\/03\/MONDO\u00d1EDO-\u00c9-2017.jpg","url":"http:\/\/culturaliagz.com\/?tribe_events=mondonedo-e-poesia-2017-4a-edicion","eventAttendanceMode":"https:\/\/schema.org\/OfflineEventAttendanceMode","eventStatus":"https:\/\/schema.org\/EventScheduled","startDate":"2017-05-01T08:00:00+00:00","endDate":"2017-05-01T17:00:00+00:00","performer":"Organization"}}