{"id":924,"global_id":"culturaliagz.com?id=924","global_id_lineage":["culturaliagz.com?id=924"],"author":"1","status":"publish","date":"2017-03-13 01:07:04","date_utc":"2017-03-13 01:07:04","modified":"2017-03-13 01:10:00","modified_utc":"2017-03-13 01:10:00","url":"http:\/\/culturaliagz.com\/?tribe_events=presentacion-a-candidata-de-miguel-sande","rest_url":"http:\/\/culturaliagz.com\/index.php?rest_route=\/tribe\/events\/v1\/events\/924","title":"Presentaci\u00f3n A CANDIDATA de Miguel Sande","description":"<p>O vindeiro martes 14 de marzo, na librer\u00eda <em>Biblos<\/em> de Lugo, \u00e1s 20.30h, ter\u00e1 lugar a presentaci\u00f3n da obra A CANDIDATA, ga\u00f1adora do <em>Premio de Novela Garc\u00eda Barros<\/em>, cuxo autor \u00e9 o escritor Miguel Sande. No acto de presentaci\u00f3n acompa\u00f1ar\u00e1n ao mencionado autor do libro, o tam\u00e9n escritor Antonio Reigosa e a actriz Paloma Lugilde de <em>Palimoco Teatro<\/em>.<\/p>","excerpt":"","slug":"presentacion-a-candidata-de-miguel-sande","image":{"url":"http:\/\/culturaliagz.com\/wp-content\/uploads\/2017\/03\/Foto-13-03-17-01-46-092.jpg","id":923,"extension":"jpg","width":578,"height":318,"sizes":{"thumbnail":{"width":150,"height":150,"mime-type":"image\/jpeg","url":"http:\/\/culturaliagz.com\/wp-content\/uploads\/2017\/03\/Foto-13-03-17-01-46-092-150x150.jpg"},"medium":{"width":300,"height":165,"mime-type":"image\/jpeg","url":"http:\/\/culturaliagz.com\/wp-content\/uploads\/2017\/03\/Foto-13-03-17-01-46-092-300x165.jpg"},"et-pb-post-main-image":{"width":400,"height":250,"mime-type":"image\/jpeg","url":"http:\/\/culturaliagz.com\/wp-content\/uploads\/2017\/03\/Foto-13-03-17-01-46-092-400x250.jpg"},"et-pb-portfolio-image":{"width":400,"height":284,"mime-type":"image\/jpeg","url":"http:\/\/culturaliagz.com\/wp-content\/uploads\/2017\/03\/Foto-13-03-17-01-46-092-400x284.jpg"},"et-pb-portfolio-module-image":{"width":510,"height":318,"mime-type":"image\/jpeg","url":"http:\/\/culturaliagz.com\/wp-content\/uploads\/2017\/03\/Foto-13-03-17-01-46-092-510x318.jpg"},"et-pb-gallery-module-image-portrait":{"width":400,"height":318,"mime-type":"image\/jpeg","url":"http:\/\/culturaliagz.com\/wp-content\/uploads\/2017\/03\/Foto-13-03-17-01-46-092-400x318.jpg"}}},"all_day":false,"start_date":"2017-03-14 20:30:00","start_date_details":{"year":"2017","month":"03","day":"14","hour":"20","minutes":"30","seconds":"00"},"end_date":"2017-03-14 22:00:00","end_date_details":{"year":"2017","month":"03","day":"14","hour":"22","minutes":"00","seconds":"00"},"utc_start_date":"2017-03-14 20:30:00","utc_start_date_details":{"year":"2017","month":"03","day":"14","hour":"20","minutes":"30","seconds":"00"},"utc_end_date":"2017-03-14 22:00:00","utc_end_date_details":{"year":"2017","month":"03","day":"14","hour":"22","minutes":"00","seconds":"00"},"timezone":"UTC+0","timezone_abbr":"","cost":"","cost_details":{"currency_symbol":"","currency_code":"","currency_position":"prefix","values":[]},"website":"","show_map":true,"show_map_link":true,"hide_from_listings":false,"sticky":true,"featured":true,"categories":[{"name":"Eventos","slug":"eventos","term_group":0,"term_taxonomy_id":52,"taxonomy":"tribe_events_cat","description":"","parent":0,"count":22,"filter":"raw","id":52,"urls":{"self":"http:\/\/culturaliagz.com\/index.php?rest_route=\/tribe\/events\/v1\/categories\/52","collection":"http:\/\/culturaliagz.com\/index.php?rest_route=\/tribe\/events\/v1\/categories"}}],"tags":[{"name":"Librer\u00eda Biblos","slug":"libreria-biblos","term_group":0,"term_taxonomy_id":103,"taxonomy":"post_tag","description":"","parent":0,"count":8,"filter":"raw","id":103,"urls":{"self":"http:\/\/culturaliagz.com\/index.php?rest_route=\/tribe\/events\/v1\/tags\/103","collection":"http:\/\/culturaliagz.com\/index.php?rest_route=\/tribe\/events\/v1\/tags"}},{"name":"Miguel Sande. Antonio Reigosa","slug":"miguel-sande-antonio-reigosa","term_group":0,"term_taxonomy_id":104,"taxonomy":"post_tag","description":"","parent":0,"count":1,"filter":"raw","id":104,"urls":{"self":"http:\/\/culturaliagz.com\/index.php?rest_route=\/tribe\/events\/v1\/tags\/104","collection":"http:\/\/culturaliagz.com\/index.php?rest_route=\/tribe\/events\/v1\/tags"}},{"name":"Palimoco Teatro","slug":"palimoco-teatro","term_group":0,"term_taxonomy_id":101,"taxonomy":"post_tag","description":"","parent":0,"count":2,"filter":"raw","id":101,"urls":{"self":"http:\/\/culturaliagz.com\/index.php?rest_route=\/tribe\/events\/v1\/tags\/101","collection":"http:\/\/culturaliagz.com\/index.php?rest_route=\/tribe\/events\/v1\/tags"}},{"name":"Paloma Lugilde","slug":"paloma-lugilde","term_group":0,"term_taxonomy_id":100,"taxonomy":"post_tag","description":"","parent":0,"count":2,"filter":"raw","id":100,"urls":{"self":"http:\/\/culturaliagz.com\/index.php?rest_route=\/tribe\/events\/v1\/tags\/100","collection":"http:\/\/culturaliagz.com\/index.php?rest_route=\/tribe\/events\/v1\/tags"}},{"name":"Premio de Novela Garc\u00eda Barros","slug":"premio-de-novela-garcia-barros","term_group":0,"term_taxonomy_id":102,"taxonomy":"post_tag","description":"","parent":0,"count":2,"filter":"raw","id":102,"urls":{"self":"http:\/\/culturaliagz.com\/index.php?rest_route=\/tribe\/events\/v1\/tags\/102","collection":"http:\/\/culturaliagz.com\/index.php?rest_route=\/tribe\/events\/v1\/tags"}}],"venue":[],"organizer":[],"custom_fields":[],"json_ld":{"@context":"http:\/\/schema.org","@type":"Event","name":"Presentaci\u00f3n A CANDIDATA de Miguel Sande","description":"&lt;p&gt;O vindeiro martes 14 de marzo, na librer\u00eda Biblos de Lugo, \u00e1s 20.30h, ter\u00e1 lugar a presentaci\u00f3n da obra A CANDIDATA, ga\u00f1adora do Premio de Novela Garc\u00eda Barros, cuxo autor [&hellip;]&lt;\/p&gt;\\n","image":"http:\/\/culturaliagz.com\/wp-content\/uploads\/2017\/03\/Foto-13-03-17-01-46-092.jpg","url":"http:\/\/culturaliagz.com\/?tribe_events=presentacion-a-candidata-de-miguel-sande","eventAttendanceMode":"https:\/\/schema.org\/OfflineEventAttendanceMode","eventStatus":"https:\/\/schema.org\/EventScheduled","startDate":"2017-03-14T20:30:00+00:00","endDate":"2017-03-14T22:00:00+00:00","performer":"Organization"}}