{"id":819,"global_id":"culturaliagz.com?id=819","global_id_lineage":["culturaliagz.com?id=819"],"author":"1","status":"publish","date":"2017-03-03 22:47:59","date_utc":"2017-03-03 22:47:59","modified":"2017-03-03 22:50:41","modified_utc":"2017-03-03 22:50:41","url":"http:\/\/culturaliagz.com\/?tribe_events=a-cabeza-do-dragon-de-ramon-maria-del-valle-inclan","rest_url":"http:\/\/culturaliagz.com\/index.php?rest_route=\/tribe\/events\/v1\/events\/819","title":"A CABEZA DO DRAG\u00d3N de Ram\u00f3n Mar\u00eda del Valle Incl\u00e1n","description":"","excerpt":"","slug":"a-cabeza-do-dragon-de-ramon-maria-del-valle-inclan","image":{"url":"http:\/\/culturaliagz.com\/wp-content\/uploads\/2017\/03\/Cartel-Santiago.jpg","id":820,"extension":"jpg","width":2835,"height":4134,"sizes":{"thumbnail":{"width":150,"height":150,"mime-type":"image\/jpeg","url":"http:\/\/culturaliagz.com\/wp-content\/uploads\/2017\/03\/Cartel-Santiago-150x150.jpg"},"medium":{"width":206,"height":300,"mime-type":"image\/jpeg","url":"http:\/\/culturaliagz.com\/wp-content\/uploads\/2017\/03\/Cartel-Santiago-206x300.jpg"},"medium_large":{"width":768,"height":1120,"mime-type":"image\/jpeg","url":"http:\/\/culturaliagz.com\/wp-content\/uploads\/2017\/03\/Cartel-Santiago-768x1120.jpg"},"large":{"width":702,"height":1024,"mime-type":"image\/jpeg","url":"http:\/\/culturaliagz.com\/wp-content\/uploads\/2017\/03\/Cartel-Santiago-702x1024.jpg"},"et-pb-post-main-image":{"width":400,"height":250,"mime-type":"image\/jpeg","url":"http:\/\/culturaliagz.com\/wp-content\/uploads\/2017\/03\/Cartel-Santiago-400x250.jpg"},"et-pb-post-main-image-fullwidth":{"width":1080,"height":675,"mime-type":"image\/jpeg","url":"http:\/\/culturaliagz.com\/wp-content\/uploads\/2017\/03\/Cartel-Santiago-1080x675.jpg"},"et-pb-portfolio-image":{"width":400,"height":284,"mime-type":"image\/jpeg","url":"http:\/\/culturaliagz.com\/wp-content\/uploads\/2017\/03\/Cartel-Santiago-400x284.jpg"},"et-pb-portfolio-module-image":{"width":510,"height":382,"mime-type":"image\/jpeg","url":"http:\/\/culturaliagz.com\/wp-content\/uploads\/2017\/03\/Cartel-Santiago-510x382.jpg"},"et-pb-portfolio-image-single":{"width":1080,"height":1575,"mime-type":"image\/jpeg","url":"http:\/\/culturaliagz.com\/wp-content\/uploads\/2017\/03\/Cartel-Santiago-1080x1575.jpg"},"et-pb-gallery-module-image-portrait":{"width":400,"height":516,"mime-type":"image\/jpeg","url":"http:\/\/culturaliagz.com\/wp-content\/uploads\/2017\/03\/Cartel-Santiago-400x516.jpg"}}},"all_day":false,"start_date":"2017-03-04 20:30:00","start_date_details":{"year":"2017","month":"03","day":"04","hour":"20","minutes":"30","seconds":"00"},"end_date":"2017-03-04 22:30:00","end_date_details":{"year":"2017","month":"03","day":"04","hour":"22","minutes":"30","seconds":"00"},"utc_start_date":"2017-03-04 20:30:00","utc_start_date_details":{"year":"2017","month":"03","day":"04","hour":"20","minutes":"30","seconds":"00"},"utc_end_date":"2017-03-04 22:30:00","utc_end_date_details":{"year":"2017","month":"03","day":"04","hour":"22","minutes":"30","seconds":"00"},"timezone":"UTC+0","timezone_abbr":"","cost":"","cost_details":{"currency_symbol":"","currency_code":"","currency_position":"prefix","values":[]},"website":"","show_map":true,"show_map_link":true,"hide_from_listings":false,"sticky":true,"featured":true,"categories":[{"name":"Eventos","slug":"eventos","term_group":0,"term_taxonomy_id":52,"taxonomy":"tribe_events_cat","description":"","parent":0,"count":22,"filter":"raw","id":52,"urls":{"self":"http:\/\/culturaliagz.com\/index.php?rest_route=\/tribe\/events\/v1\/categories\/52","collection":"http:\/\/culturaliagz.com\/index.php?rest_route=\/tribe\/events\/v1\/categories"}}],"tags":[],"venue":[],"organizer":[],"custom_fields":[],"json_ld":{"@context":"http:\/\/schema.org","@type":"Event","name":"A CABEZA DO DRAG\u00d3N de Ram\u00f3n Mar\u00eda del Valle Incl\u00e1n","description":"","image":"http:\/\/culturaliagz.com\/wp-content\/uploads\/2017\/03\/Cartel-Santiago.jpg","url":"http:\/\/culturaliagz.com\/?tribe_events=a-cabeza-do-dragon-de-ramon-maria-del-valle-inclan","eventAttendanceMode":"https:\/\/schema.org\/OfflineEventAttendanceMode","eventStatus":"https:\/\/schema.org\/EventScheduled","startDate":"2017-03-04T20:30:00+00:00","endDate":"2017-03-04T22:30:00+00:00","performer":"Organization"}}