{"id":544,"global_id":"culturaliagz.com?id=544","global_id_lineage":["culturaliagz.com?id=544"],"author":"1","status":"publish","date":"2017-02-14 19:31:10","date_utc":"2017-02-14 19:31:10","modified":"2017-02-14 19:34:16","modified_utc":"2017-02-14 19:34:16","url":"http:\/\/culturaliagz.com\/?tribe_events=o-rastro-que-deixamos-gala-homenaxe-a-agustin-fernandez-paz","rest_url":"http:\/\/culturaliagz.com\/index.php?rest_route=\/tribe\/events\/v1\/events\/544","title":"O rastro que deixamos. Gala homenaxe a Agust\u00edn Fern\u00e1ndez Paz","description":"<p>O vindeiro 17 de febreiro, a comarca de Ferrolterra render\u00e1 unha homenaxe p\u00f3stuma ao escritor <em>Agust\u00edn Fern\u00e1ndez Paz<\/em>. Baixo o t\u00edtulo de <strong>O rastro que deixamos<\/strong>, t\u00edtulo hom\u00f3nimo dun libro que escribiu o propio Agust\u00edn, e no que nos relata retallos fundamentais da s\u00faa vida.<\/p>\n<p>Os actos comezar\u00e1n pola ma\u00f1\u00e1, dirixidos aos centros de ensino, e neses actos participar\u00e1n artistas coma\u00a0Guadi Galego,\u00a0Mar\u00eda Manuela, Mini e Mero, Xabier D\u00edaz, o d\u00fao Bell\u00f3n-Maceiras, Miro Casabella ou A Banda da Loba. Acompa\u00f1ando \u00e1 m\u00fasica tam\u00e9n se proxectar\u00e1n fragmentos dun documental sobre vivencias do propio Agust\u00edn na comarca. \u00a0Actos que se repetir\u00e1n a partir das 20:30 h., destinados ao p\u00fablico xeral,<\/p>\n<p>As entradas para asistir \u00e1 citada e merecida homenaxe \u00a0son de balde, e poden recollerse at\u00e9 o 17 de febreiro no Teatro Jofre (de 11.00 h. a 13.00 h. e de 18.00 h. a 20.00 h.) e no Auditorio de Ferrol -na avenida do Mar, en Caranza- a partir das 18.00 h. do d\u00eda da gala.<\/p>","excerpt":"","slug":"o-rastro-que-deixamos-gala-homenaxe-a-agustin-fernandez-paz","image":{"url":"http:\/\/culturaliagz.com\/wp-content\/uploads\/2017\/02\/Foto-14-02-17-18-55-13.jpg","id":545,"extension":"jpg","width":900,"height":1269,"sizes":{"thumbnail":{"width":150,"height":150,"mime-type":"image\/jpeg","url":"http:\/\/culturaliagz.com\/wp-content\/uploads\/2017\/02\/Foto-14-02-17-18-55-13-150x150.jpg"},"medium":{"width":213,"height":300,"mime-type":"image\/jpeg","url":"http:\/\/culturaliagz.com\/wp-content\/uploads\/2017\/02\/Foto-14-02-17-18-55-13-213x300.jpg"},"medium_large":{"width":768,"height":1083,"mime-type":"image\/jpeg","url":"http:\/\/culturaliagz.com\/wp-content\/uploads\/2017\/02\/Foto-14-02-17-18-55-13-768x1083.jpg"},"large":{"width":726,"height":1024,"mime-type":"image\/jpeg","url":"http:\/\/culturaliagz.com\/wp-content\/uploads\/2017\/02\/Foto-14-02-17-18-55-13-726x1024.jpg"},"et-pb-post-main-image":{"width":400,"height":250,"mime-type":"image\/jpeg","url":"http:\/\/culturaliagz.com\/wp-content\/uploads\/2017\/02\/Foto-14-02-17-18-55-13-400x250.jpg"},"et-pb-post-main-image-fullwidth":{"width":900,"height":675,"mime-type":"image\/jpeg","url":"http:\/\/culturaliagz.com\/wp-content\/uploads\/2017\/02\/Foto-14-02-17-18-55-13-900x675.jpg"},"et-pb-portfolio-image":{"width":400,"height":284,"mime-type":"image\/jpeg","url":"http:\/\/culturaliagz.com\/wp-content\/uploads\/2017\/02\/Foto-14-02-17-18-55-13-400x284.jpg"},"et-pb-portfolio-module-image":{"width":510,"height":382,"mime-type":"image\/jpeg","url":"http:\/\/culturaliagz.com\/wp-content\/uploads\/2017\/02\/Foto-14-02-17-18-55-13-510x382.jpg"},"et-pb-gallery-module-image-portrait":{"width":400,"height":516,"mime-type":"image\/jpeg","url":"http:\/\/culturaliagz.com\/wp-content\/uploads\/2017\/02\/Foto-14-02-17-18-55-13-400x516.jpg"}}},"all_day":false,"start_date":"2017-02-17 20:30:00","start_date_details":{"year":"2017","month":"02","day":"17","hour":"20","minutes":"30","seconds":"00"},"end_date":"2017-02-17 22:30:00","end_date_details":{"year":"2017","month":"02","day":"17","hour":"22","minutes":"30","seconds":"00"},"utc_start_date":"2017-02-17 20:30:00","utc_start_date_details":{"year":"2017","month":"02","day":"17","hour":"20","minutes":"30","seconds":"00"},"utc_end_date":"2017-02-17 22:30:00","utc_end_date_details":{"year":"2017","month":"02","day":"17","hour":"22","minutes":"30","seconds":"00"},"timezone":"UTC+0","timezone_abbr":"","cost":"","cost_details":{"currency_symbol":"","currency_code":"","currency_position":"prefix","values":[]},"website":"","show_map":true,"show_map_link":true,"hide_from_listings":false,"sticky":true,"featured":false,"categories":[{"name":"Eventos","slug":"eventos","term_group":0,"term_taxonomy_id":52,"taxonomy":"tribe_events_cat","description":"","parent":0,"count":22,"filter":"raw","id":52,"urls":{"self":"http:\/\/culturaliagz.com\/index.php?rest_route=\/tribe\/events\/v1\/categories\/52","collection":"http:\/\/culturaliagz.com\/index.php?rest_route=\/tribe\/events\/v1\/categories"}}],"tags":[{"name":"Agust\u00edn Fern\u00e1ndez Paz","slug":"agustin-fernandez-paz","term_group":0,"term_taxonomy_id":48,"taxonomy":"post_tag","description":"","parent":0,"count":2,"filter":"raw","id":48,"urls":{"self":"http:\/\/culturaliagz.com\/index.php?rest_route=\/tribe\/events\/v1\/tags\/48","collection":"http:\/\/culturaliagz.com\/index.php?rest_route=\/tribe\/events\/v1\/tags"}},{"name":"Ferrol","slug":"ferrol","term_group":0,"term_taxonomy_id":51,"taxonomy":"post_tag","description":"","parent":0,"count":3,"filter":"raw","id":51,"urls":{"self":"http:\/\/culturaliagz.com\/index.php?rest_route=\/tribe\/events\/v1\/tags\/51","collection":"http:\/\/culturaliagz.com\/index.php?rest_route=\/tribe\/events\/v1\/tags"}},{"name":"homenaxe","slug":"homenaxe","term_group":0,"term_taxonomy_id":49,"taxonomy":"post_tag","description":"","parent":0,"count":1,"filter":"raw","id":49,"urls":{"self":"http:\/\/culturaliagz.com\/index.php?rest_route=\/tribe\/events\/v1\/tags\/49","collection":"http:\/\/culturaliagz.com\/index.php?rest_route=\/tribe\/events\/v1\/tags"}},{"name":"rastro","slug":"rastro","term_group":0,"term_taxonomy_id":50,"taxonomy":"post_tag","description":"","parent":0,"count":1,"filter":"raw","id":50,"urls":{"self":"http:\/\/culturaliagz.com\/index.php?rest_route=\/tribe\/events\/v1\/tags\/50","collection":"http:\/\/culturaliagz.com\/index.php?rest_route=\/tribe\/events\/v1\/tags"}}],"venue":{"id":550,"author":"1","status":"publish","date":"2017-02-14 19:31:10","date_utc":"2017-02-14 19:31:10","modified":"2017-02-14 19:31:10","modified_utc":"2017-02-14 19:31:10","url":"http:\/\/culturaliagz.com\/?tribe_venue=auditorio-de-ferrol","venue":"Auditorio de Ferrol","slug":"auditorio-de-ferrol","json_ld":{"@type":"Place","name":"Auditorio de Ferrol","description":"","url":"","address":{"@type":"PostalAddress"},"telephone":"","sameAs":""},"show_map":true,"show_map_link":true,"global_id":"culturaliagz.com?id=550","global_id_lineage":["culturaliagz.com?id=550"]},"organizer":[],"custom_fields":[],"json_ld":{"@context":"http:\/\/schema.org","@type":"Event","name":"O rastro que deixamos. Gala homenaxe a Agust\u00edn Fern\u00e1ndez Paz","description":"&lt;p&gt;O vindeiro 17 de febreiro, a comarca de Ferrolterra render\u00e1 unha homenaxe p\u00f3stuma ao escritor Agust\u00edn Fern\u00e1ndez Paz. Baixo o t\u00edtulo de O rastro que deixamos, t\u00edtulo hom\u00f3nimo dun libro [&hellip;]&lt;\/p&gt;\\n","image":"http:\/\/culturaliagz.com\/wp-content\/uploads\/2017\/02\/Foto-14-02-17-18-55-13.jpg","url":"http:\/\/culturaliagz.com\/?tribe_events=o-rastro-que-deixamos-gala-homenaxe-a-agustin-fernandez-paz","eventAttendanceMode":"https:\/\/schema.org\/OfflineEventAttendanceMode","eventStatus":"https:\/\/schema.org\/EventScheduled","startDate":"2017-02-17T20:30:00+00:00","endDate":"2017-02-17T22:30:00+00:00","location":{"@type":"Place","name":"Auditorio de Ferrol","description":"","url":"","address":{"@type":"PostalAddress"},"telephone":"","sameAs":""},"performer":"Organization"}}