{"id":41,"global_id":"culturaliagz.com?id=41","global_id_lineage":["culturaliagz.com?id=41"],"author":"1","status":"publish","date":"2016-12-02 22:36:25","date_utc":"2016-12-02 22:36:25","modified":"2017-02-14 19:34:36","modified_utc":"2017-02-14 19:34:36","url":"http:\/\/culturaliagz.com\/?tribe_events=recital-poetico-solidario","rest_url":"http:\/\/culturaliagz.com\/index.php?rest_route=\/tribe\/events\/v1\/events\/41","title":"Recital po\u00e9tico solidario","description":"<p>Conv\u00f3case dende A Coru\u00f1a o III Recital Po\u00e9tico Solidario a nivel Nacional e Internacional<span style=\"color: #ffcc00;\"><strong> o vindeiro 16 de decembro \u00e1s 20 hrs. co gallo de recadar fondos con FINS SOLIDARIOS.<\/strong><\/span><\/p>\n<h3><strong><span style=\"color: #ffcc00;\">Baixo o lema: Verso, \u00bfqu\u00e9 traes?. Esperanza.<\/span><\/strong><\/h3>\n<p>Tr\u00e1tase dunha iniciativa de Branca Vilela, poeta, escritora e xestora cultural de A Coru\u00f1a. A idea xurdiu \u00f3 co\u00f1ecer os datos da xente que cada d\u00eda utilizaban o comedor social en dita cidade (1.500 persoas). F\u00edxose unha gran convocatoria v\u00eda facebook e v\u00eda telef\u00f3nica a todos os poetas do seu c\u00edrculo de amizades e a resposta foi inmediata e contundente.<\/p>\n<p>Pret\u00e9ndese que en cada cidade ou vila unha persoa ou organismo se encargue da xesti\u00f3n do evento, realizar as tarefas de buscar unha sala para a celebraci\u00f3n, convocar \u00f3s participantes e designar a quen vai dirixida a axuda. Establ\u00e9cese unha entrada m\u00ednima de 3 \u20ac m\u00e1is a vontade. Igualmente, tam\u00e9n se pretende a implicaci\u00f3n dos medios audiovisuais para unha maior divulgaci\u00f3n. E, incluso, que se difunda v\u00eda internet de xeito simult\u00e1neo. Para maior difusi\u00f3n, e trat\u00e1ndose dunha iniciativa privada, buscarase a colaboraci\u00f3n dos m\u00e1ximos organismos e medios de cada cidade ou vila, \u00f3 igual que personalidades que queiran participar tanto do mundo literario como pol\u00edtico e empresarial. Toda axuda \u00e9 necesaria. At\u00e9 hoxe xa se adheriron a este proxecto m\u00e1is de vinte cidades espa\u00f1olas, entre elas: A Coru\u00f1a, Barcelona, Bilbao, Madrid, Murcia, Sevilla, etc, e outros lugares coma: Argentina, Canad\u00e1, Ecuador, EEUU, Portugal e xa se est\u00e1n realizando xesti\u00f3ns noutros sitios.<img loading=\"lazy\" decoding=\"async\" class=\"aligncenter wp-image-47\" title=\"Recital po\u00e9tico solidario\" src=\"http:\/\/culturaliagz.com\/wp-content\/uploads\/2016\/12\/IMG-20161130-WA0009-210x300.jpg\" alt=\"Recital po\u00e9tico solidario\" width=\"442\" height=\"632\" srcset=\"http:\/\/culturaliagz.com\/wp-content\/uploads\/2016\/12\/IMG-20161130-WA0009-210x300.jpg 210w, http:\/\/culturaliagz.com\/wp-content\/uploads\/2016\/12\/IMG-20161130-WA0009-768x1096.jpg 768w, http:\/\/culturaliagz.com\/wp-content\/uploads\/2016\/12\/IMG-20161130-WA0009-717x1024.jpg 717w, http:\/\/culturaliagz.com\/wp-content\/uploads\/2016\/12\/IMG-20161130-WA0009-1080x1541.jpg 1080w, http:\/\/culturaliagz.com\/wp-content\/uploads\/2016\/12\/IMG-20161130-WA0009.jpg 1121w\" sizes=\"auto, (max-width: 442px) 100vw, 442px\" \/><\/p>\n<h3><span style=\"color: #ffcc00;\">Organizado por culturalia GZ<\/span><\/h3>\n<p>Aqu\u00ed en Vilalba, dito recital farase no Centro Cultural e Recreativo as 19:30 hrs. E contarase coa participaci\u00f3n varios autores que vir\u00e1n agasallar coa s\u00faa voz po\u00e9tica aos asistentes ao acto que ter\u00e1 como causa solidaria da <span style=\"color: #ffcc00;\"><strong>Cruz Vermella: CAMPA\u00d1A DE XOGUETES, \u201cOS SEUS DEREITOS EN XOGO<\/strong>\u201d<\/span>. A venda de entrada, a 3\u20ac, realizarase na Casa da Cultura e no propio Centro Cultural e Recreativo. AN\u00cdMATE E COLABORA!<\/p>\n<p>&nbsp;<\/p>\n<p>&nbsp;<\/p>","excerpt":"","slug":"recital-poetico-solidario","image":{"url":"http:\/\/culturaliagz.com\/wp-content\/uploads\/2016\/12\/IMG-20161130-WA0010-1.jpg","id":54,"extension":"jpg","width":1121,"height":1600,"sizes":{"thumbnail":{"width":150,"height":150,"mime-type":"image\/jpeg","url":"http:\/\/culturaliagz.com\/wp-content\/uploads\/2016\/12\/IMG-20161130-WA0010-1-150x150.jpg"},"medium":{"width":210,"height":300,"mime-type":"image\/jpeg","url":"http:\/\/culturaliagz.com\/wp-content\/uploads\/2016\/12\/IMG-20161130-WA0010-1-210x300.jpg"},"medium_large":{"width":768,"height":1096,"mime-type":"image\/jpeg","url":"http:\/\/culturaliagz.com\/wp-content\/uploads\/2016\/12\/IMG-20161130-WA0010-1-768x1096.jpg"},"large":{"width":717,"height":1024,"mime-type":"image\/jpeg","url":"http:\/\/culturaliagz.com\/wp-content\/uploads\/2016\/12\/IMG-20161130-WA0010-1-717x1024.jpg"},"et-pb-post-main-image":{"width":400,"height":250,"mime-type":"image\/jpeg","url":"http:\/\/culturaliagz.com\/wp-content\/uploads\/2016\/12\/IMG-20161130-WA0010-1-400x250.jpg"},"et-pb-post-main-image-fullwidth":{"width":1080,"height":675,"mime-type":"image\/jpeg","url":"http:\/\/culturaliagz.com\/wp-content\/uploads\/2016\/12\/IMG-20161130-WA0010-1-1080x675.jpg"},"et-pb-portfolio-image":{"width":400,"height":284,"mime-type":"image\/jpeg","url":"http:\/\/culturaliagz.com\/wp-content\/uploads\/2016\/12\/IMG-20161130-WA0010-1-400x284.jpg"},"et-pb-portfolio-module-image":{"width":510,"height":382,"mime-type":"image\/jpeg","url":"http:\/\/culturaliagz.com\/wp-content\/uploads\/2016\/12\/IMG-20161130-WA0010-1-510x382.jpg"},"et-pb-portfolio-image-single":{"width":1080,"height":1541,"mime-type":"image\/jpeg","url":"http:\/\/culturaliagz.com\/wp-content\/uploads\/2016\/12\/IMG-20161130-WA0010-1-1080x1541.jpg"}}},"all_day":false,"start_date":"2016-12-16 19:30:00","start_date_details":{"year":"2016","month":"12","day":"16","hour":"19","minutes":"30","seconds":"00"},"end_date":"2016-12-16 22:00:00","end_date_details":{"year":"2016","month":"12","day":"16","hour":"22","minutes":"00","seconds":"00"},"utc_start_date":"2016-12-16 19:30:00","utc_start_date_details":{"year":"2016","month":"12","day":"16","hour":"19","minutes":"30","seconds":"00"},"utc_end_date":"2016-12-16 22:00:00","utc_end_date_details":{"year":"2016","month":"12","day":"16","hour":"22","minutes":"00","seconds":"00"},"timezone":"UTC+0","timezone_abbr":"","cost":"","cost_details":{"currency_symbol":"","currency_code":"","currency_position":"prefix","values":[]},"website":"","show_map":true,"show_map_link":true,"hide_from_listings":false,"sticky":true,"featured":false,"categories":[{"name":"Eventos","slug":"eventos","term_group":0,"term_taxonomy_id":52,"taxonomy":"tribe_events_cat","description":"","parent":0,"count":22,"filter":"raw","id":52,"urls":{"self":"http:\/\/culturaliagz.com\/index.php?rest_route=\/tribe\/events\/v1\/categories\/52","collection":"http:\/\/culturaliagz.com\/index.php?rest_route=\/tribe\/events\/v1\/categories"}}],"tags":[{"name":"acto solidario","slug":"acto-solidario","term_group":0,"term_taxonomy_id":4,"taxonomy":"post_tag","description":"","parent":0,"count":1,"filter":"raw","id":4,"urls":{"self":"http:\/\/culturaliagz.com\/index.php?rest_route=\/tribe\/events\/v1\/tags\/4","collection":"http:\/\/culturaliagz.com\/index.php?rest_route=\/tribe\/events\/v1\/tags"}},{"name":"Recital po\u00e9tico","slug":"recital-poetico","term_group":0,"term_taxonomy_id":3,"taxonomy":"post_tag","description":"","parent":0,"count":1,"filter":"raw","id":3,"urls":{"self":"http:\/\/culturaliagz.com\/index.php?rest_route=\/tribe\/events\/v1\/tags\/3","collection":"http:\/\/culturaliagz.com\/index.php?rest_route=\/tribe\/events\/v1\/tags"}},{"name":"Vilalba","slug":"vilalba","term_group":0,"term_taxonomy_id":5,"taxonomy":"post_tag","description":"","parent":0,"count":1,"filter":"raw","id":5,"urls":{"self":"http:\/\/culturaliagz.com\/index.php?rest_route=\/tribe\/events\/v1\/tags\/5","collection":"http:\/\/culturaliagz.com\/index.php?rest_route=\/tribe\/events\/v1\/tags"}}],"venue":{"id":51,"author":"1","status":"publish","date":"2016-12-02 22:36:25","date_utc":"2016-12-02 22:36:25","modified":"2016-12-02 22:36:25","modified_utc":"2016-12-02 22:36:25","url":"http:\/\/culturaliagz.com\/?tribe_venue=centro-cultural-e-recreativo-3","venue":"Centro Cultural e Recreativo","slug":"centro-cultural-e-recreativo-3","address":"R\u00faa Poetisa Carmi\u00f1a Prieto Rouco, 3, 27800 Vilalba, Lugo","city":"Vilalba","country":"Espa\u00f1a","province":"Lugo","zip":"27800","stateprovince":"Lugo","json_ld":{"@type":"Place","name":"Centro Cultural e Recreativo","description":"","url":"","address":{"@type":"PostalAddress","streetAddress":"R\u00faa Poetisa Carmi\u00f1a Prieto Rouco, 3, 27800 Vilalba, Lugo","addressLocality":"Vilalba","addressRegion":"Lugo","postalCode":"27800","addressCountry":"Espa\u00f1a"},"telephone":"","sameAs":""},"show_map":true,"show_map_link":true,"global_id":"culturaliagz.com?id=51","global_id_lineage":["culturaliagz.com?id=51"]},"organizer":[{"id":52,"author":"1","status":"publish","date":"2016-12-02 22:36:25","date_utc":"2016-12-02 22:36:25","modified":"2016-12-02 22:36:25","modified_utc":"2016-12-02 22:36:25","url":"http:\/\/culturaliagz.com\/?tribe_organizer=culturalia-gz-3","organizer":"Culturalia GZ","slug":"culturalia-gz-3","website":"culturaliagz.com","json_ld":{"@type":"Person","name":"Culturalia GZ","description":"","url":"http:\/\/culturaliagz.com","telephone":"","email":"","sameAs":"http:\/\/culturaliagz.com"},"global_id":"culturaliagz.com?id=52","global_id_lineage":["culturaliagz.com?id=52"]}],"custom_fields":[],"json_ld":{"@context":"http:\/\/schema.org","@type":"Event","name":"Recital po\u00e9tico solidario","description":"&lt;p&gt;Conv\u00f3case dende A Coru\u00f1a o III Recital Po\u00e9tico Solidario a nivel Nacional e Internacional o vindeiro 16 de decembro \u00e1s 20 hrs. co gallo de recadar fondos con FINS SOLIDARIOS. [&hellip;]&lt;\/p&gt;\\n","image":"http:\/\/culturaliagz.com\/wp-content\/uploads\/2016\/12\/IMG-20161130-WA0010-1.jpg","url":"http:\/\/culturaliagz.com\/?tribe_events=recital-poetico-solidario","eventAttendanceMode":"https:\/\/schema.org\/OfflineEventAttendanceMode","eventStatus":"https:\/\/schema.org\/EventScheduled","startDate":"2016-12-16T19:30:00+00:00","endDate":"2016-12-16T22:00:00+00:00","location":{"@type":"Place","name":"Centro Cultural e Recreativo","description":"","url":"","address":{"@type":"PostalAddress","streetAddress":"R\u00faa Poetisa Carmi\u00f1a Prieto Rouco, 3, 27800 Vilalba, Lugo","addressLocality":"Vilalba","addressRegion":"Lugo","postalCode":"27800","addressCountry":"Espa\u00f1a"},"telephone":"","sameAs":""},"organizer":{"@type":"Person","name":"Culturalia GZ","description":"","url":"http:\/\/culturaliagz.com","telephone":"","email":"","sameAs":"http:\/\/culturaliagz.com"},"performer":"Organization"}}