{"id":1533,"global_id":"culturaliagz.com?id=1533","global_id_lineage":["culturaliagz.com?id=1533"],"author":"1","status":"publish","date":"2017-05-27 16:04:50","date_utc":"2017-05-27 15:04:50","modified":"2017-05-27 16:04:50","modified_utc":"2017-05-27 15:04:50","url":"http:\/\/culturaliagz.com\/?tribe_events=a-escritora-na-sua-terra-letra-e-a-maria-pilar-garcia-negro","rest_url":"http:\/\/culturaliagz.com\/index.php?rest_route=\/tribe\/events\/v1\/events\/1533","title":"A ESCRITORA NA S\u00daA TERRA. LETRA E A MAR\u00cdA PILAR GARC\u00cdA NEGRO","description":"","excerpt":"","slug":"a-escritora-na-sua-terra-letra-e-a-maria-pilar-garcia-negro","image":{"url":"http:\/\/culturaliagz.com\/wp-content\/uploads\/2017\/05\/Foto-27-05-17-01-34-40-1.jpg","id":1526,"extension":"jpg","width":1664,"height":4928,"sizes":{"thumbnail":{"width":150,"height":150,"mime-type":"image\/jpeg","url":"http:\/\/culturaliagz.com\/wp-content\/uploads\/2017\/05\/Foto-27-05-17-01-34-40-1-150x150.jpg"},"medium":{"width":101,"height":300,"mime-type":"image\/jpeg","url":"http:\/\/culturaliagz.com\/wp-content\/uploads\/2017\/05\/Foto-27-05-17-01-34-40-1-101x300.jpg"},"medium_large":{"width":768,"height":2274,"mime-type":"image\/jpeg","url":"http:\/\/culturaliagz.com\/wp-content\/uploads\/2017\/05\/Foto-27-05-17-01-34-40-1-768x2274.jpg"},"large":{"width":346,"height":1024,"mime-type":"image\/jpeg","url":"http:\/\/culturaliagz.com\/wp-content\/uploads\/2017\/05\/Foto-27-05-17-01-34-40-1-346x1024.jpg"},"et-pb-post-main-image":{"width":400,"height":250,"mime-type":"image\/jpeg","url":"http:\/\/culturaliagz.com\/wp-content\/uploads\/2017\/05\/Foto-27-05-17-01-34-40-1-400x250.jpg"},"et-pb-post-main-image-fullwidth":{"width":1080,"height":675,"mime-type":"image\/jpeg","url":"http:\/\/culturaliagz.com\/wp-content\/uploads\/2017\/05\/Foto-27-05-17-01-34-40-1-1080x675.jpg"},"et-pb-portfolio-image":{"width":400,"height":284,"mime-type":"image\/jpeg","url":"http:\/\/culturaliagz.com\/wp-content\/uploads\/2017\/05\/Foto-27-05-17-01-34-40-1-400x284.jpg"},"et-pb-portfolio-module-image":{"width":510,"height":382,"mime-type":"image\/jpeg","url":"http:\/\/culturaliagz.com\/wp-content\/uploads\/2017\/05\/Foto-27-05-17-01-34-40-1-510x382.jpg"},"et-pb-portfolio-image-single":{"width":1080,"height":3198,"mime-type":"image\/jpeg","url":"http:\/\/culturaliagz.com\/wp-content\/uploads\/2017\/05\/Foto-27-05-17-01-34-40-1-1080x3198.jpg"},"et-pb-gallery-module-image-portrait":{"width":400,"height":516,"mime-type":"image\/jpeg","url":"http:\/\/culturaliagz.com\/wp-content\/uploads\/2017\/05\/Foto-27-05-17-01-34-40-1-400x516.jpg"}}},"all_day":false,"start_date":"2017-06-10 11:30:00","start_date_details":{"year":"2017","month":"06","day":"10","hour":"11","minutes":"30","seconds":"00"},"end_date":"2017-06-10 17:00:00","end_date_details":{"year":"2017","month":"06","day":"10","hour":"17","minutes":"00","seconds":"00"},"utc_start_date":"2017-06-10 10:30:00","utc_start_date_details":{"year":"2017","month":"06","day":"10","hour":"10","minutes":"30","seconds":"00"},"utc_end_date":"2017-06-10 16:00:00","utc_end_date_details":{"year":"2017","month":"06","day":"10","hour":"16","minutes":"00","seconds":"00"},"timezone":"UTC+1","timezone_abbr":"","cost":"Gratuito","cost_details":{"currency_symbol":"\u20ac","currency_code":"","currency_position":"prefix","values":["0"]},"website":"","show_map":true,"show_map_link":true,"hide_from_listings":false,"sticky":true,"featured":true,"categories":[{"name":"Eventos","slug":"eventos","term_group":0,"term_taxonomy_id":52,"taxonomy":"tribe_events_cat","description":"","parent":0,"count":22,"filter":"raw","id":52,"urls":{"self":"http:\/\/culturaliagz.com\/index.php?rest_route=\/tribe\/events\/v1\/categories\/52","collection":"http:\/\/culturaliagz.com\/index.php?rest_route=\/tribe\/events\/v1\/categories"}}],"tags":[{"name":"A escritora na s\u00faa terra","slug":"a-escritora-na-sua-terra","term_group":0,"term_taxonomy_id":209,"taxonomy":"post_tag","description":"","parent":0,"count":3,"filter":"raw","id":209,"urls":{"self":"http:\/\/culturaliagz.com\/index.php?rest_route=\/tribe\/events\/v1\/tags\/209","collection":"http:\/\/culturaliagz.com\/index.php?rest_route=\/tribe\/events\/v1\/tags"}},{"name":"AELG","slug":"aelg","term_group":0,"term_taxonomy_id":31,"taxonomy":"post_tag","description":"","parent":0,"count":33,"filter":"raw","id":31,"urls":{"self":"http:\/\/culturaliagz.com\/index.php?rest_route=\/tribe\/events\/v1\/tags\/31","collection":"http:\/\/culturaliagz.com\/index.php?rest_route=\/tribe\/events\/v1\/tags"}},{"name":"Letra E","slug":"letra-e","term_group":0,"term_taxonomy_id":210,"taxonomy":"post_tag","description":"","parent":0,"count":2,"filter":"raw","id":210,"urls":{"self":"http:\/\/culturaliagz.com\/index.php?rest_route=\/tribe\/events\/v1\/tags\/210","collection":"http:\/\/culturaliagz.com\/index.php?rest_route=\/tribe\/events\/v1\/tags"}},{"name":"Mar\u00eda Pilar Garc\u00eda Negro","slug":"maria-pilar-garcia-negro","term_group":0,"term_taxonomy_id":211,"taxonomy":"post_tag","description":"","parent":0,"count":2,"filter":"raw","id":211,"urls":{"self":"http:\/\/culturaliagz.com\/index.php?rest_route=\/tribe\/events\/v1\/tags\/211","collection":"http:\/\/culturaliagz.com\/index.php?rest_route=\/tribe\/events\/v1\/tags"}}],"venue":[],"organizer":[],"custom_fields":[],"json_ld":{"@context":"http:\/\/schema.org","@type":"Event","name":"A ESCRITORA NA S\u00daA TERRA. LETRA E A MAR\u00cdA PILAR GARC\u00cdA NEGRO","description":"","image":"http:\/\/culturaliagz.com\/wp-content\/uploads\/2017\/05\/Foto-27-05-17-01-34-40-1.jpg","url":"http:\/\/culturaliagz.com\/?tribe_events=a-escritora-na-sua-terra-letra-e-a-maria-pilar-garcia-negro","eventAttendanceMode":"https:\/\/schema.org\/OfflineEventAttendanceMode","eventStatus":"https:\/\/schema.org\/EventScheduled","startDate":"2017-06-10T11:30:00+01:00","endDate":"2017-06-10T17:00:00+01:00","offers":{"@type":"Offer","price":"0","priceCurrency":"USD","url":"http:\/\/culturaliagz.com\/?tribe_events=a-escritora-na-sua-terra-letra-e-a-maria-pilar-garcia-negro","category":"primary","availability":"inStock","validFrom":"1970-01-01T00:00:00+00:00"},"performer":"Organization"}}