{"id":1500,"global_id":"culturaliagz.com?id=1500","global_id_lineage":["culturaliagz.com?id=1500"],"author":"1","status":"publish","date":"2017-05-24 00:03:55","date_utc":"2017-05-23 23:03:55","modified":"2017-05-24 10:12:59","modified_utc":"2017-05-24 09:12:59","url":"http:\/\/culturaliagz.com\/?tribe_events=gala-premios-mestras-e-mestres-da-memoria-2017","rest_url":"http:\/\/culturaliagz.com\/index.php?rest_route=\/tribe\/events\/v1\/events\/1500","title":"GALA PREMIOS MESTRAS E MESTRES DA MEMORIA 2017","description":"<p><strong>Gala dos Premios Mestras e Mestres da Memoria 2017<\/strong><br \/>\nS\u00e1bado, 27 de maio de 2017, \u00e1s 18:00 horas<br \/>\nCentro Cultural Vello C\u00e1rcere de Lugo,\u00a0Avenida Alcalde Anxo L\u00f3pez P\u00e9rez, 34 (<a href=\"https:\/\/www.google.es\/maps\/place\/Centro+Cultural+Vello+Carcere\/@43.0083498,-7.5548098,15z\/data=!4m5!3m4!1s0x0:0x500f9a12cfe116f7!8m2!3d43.0083498!4d-7.5548098\" target=\"_blank\" rel=\"noopener noreferrer\">como chegar<\/a>)<br \/>\nCo apoio das \u00e1reas de Cultura do Concello e da Deputaci\u00f3n de Lugo.<br \/>\nEntrada libre<\/p>\n<p>Acto de entrega dos diplomas acreditativos de MESTRAS DA MEMORIA \u00e1s <a href=\"http:\/\/www.aelg.gal\/Polafias\/ShowVideosPolafiaByReporter.do?id=155\" target=\"_blank\" rel=\"noopener noreferrer\">Pandeireteiras da Al\u00e9n<\/a> (Orosia e Alsira Gil Ramos e \u00d3lida Diz Ramos) e do diploma de MESTRE DA MEMORIA a <a href=\"http:\/\/www.aelg.gal\/Polafias\/ShowVideosPolafiaByReporter.do?id=173\" target=\"_blank\" rel=\"noopener noreferrer\">Seraf\u00edn Mourelle Bugallo<\/a>, da Coru\u00f1a.<\/p>\n<p>Ademais das persoas homenaxeados, intervir\u00e1n no acto:<\/p>\n<ul>\n<li>Xos\u00e9 Iglesias, mari\u00f1eiro e poeta<\/li>\n<li>Isidro Novo, escritor<\/li>\n<li>Poldo Ca\u00f1izo, escritor<\/li>\n<li>Mercedes Queixas Zas, secretaria xeral da AELG<\/li>\n<li>Ces\u00e1reo S\u00e1nchez Iglesias, presidente da AELG<\/li>\n<\/ul>\n<p>A m\u00fasica corre a cargo de Branca Villares e\u00a0Ricardo Marcos Cas\u00e1s Salgado.<br \/>\nPresentaci\u00f3n: Antonio Reigosa<\/p>\n<p><strong>Mestras da Memoria 2017: Pandereteiras Da Al\u00e9n<\/strong><br \/>\nDo lugar da Al\u00e9n, Xirarga, Beariz, Ourense.<br \/>\nOrosia Gil Ramos (95 anos) Alsira Gil Ramos (90 anos) e \u00d3lida Diz Ramos (96 anos).<br \/>\n<em>\u201cPresenza viva da poes\u00eda e m\u00fasica, tesouro en vida onde repousan xotas, mui\u00f1eiras, pasodobres, cantares de reis, aturuxos e a sabedor\u00eda e a sensibilidade popular feita poema musicado.&#8221;<\/em>\u00a0(Poldo Ca\u00f1izo)<\/p>\n<p><strong>Mestre da Memoria 2017: Seraf\u00edn Mourelle Bugallo<\/strong><br \/>\nMari\u00f1eiro e poeta. 84 anos. Nacido en Corme. Residente na cidade da Coru\u00f1a.<br \/>\n<em>\u201cAos catorce anos embarcou de axudante de coci\u00f1a \u00a0e chegou a converterse nun famoso patr\u00f3n do Gran Sol. Nos anos sesenta \u00a0foi un dos descubridores dos vizosos caladoiros de Porcupine, o volc\u00e1n submarino situado ao oeste de Irlanda. Tam\u00e9n \u00e9 poeta ao xeito de Manuel Antonio; isto \u00e9, poes\u00eda do mar escrita pola propia xente do mar.\u201c<\/em> (Xurxo Souto)<\/p>\n<hr \/>\n<p>A AELG pretende facer m\u00e1is vis\u00edbel ante a sociedade a Literatura de Tradici\u00f3n Oral levando a Lugo a s\u00faa Gala dos Premios Mestras e Mestres da Memoria que, co lema \u00abLugo, Capital Galega da Literatura de Tradici\u00f3n Oral\u00bb, ter\u00e1\u00a0lugar o 27 de maio no Centro Cultural Vello C\u00e1rcere de Lugo, na\u00a0Avenida Alcalde Anxo L\u00f3pez P\u00e9rez, 34 (<a href=\"https:\/\/www.google.es\/maps\/place\/Centro+Cultural+Vello+Carcere\/@43.0083498,-7.5548098,15z\/data=!4m5!3m4!1s0x0:0x500f9a12cfe116f7!8m2!3d43.0083498!4d-7.5548098\" target=\"_blank\" rel=\"noopener noreferrer\">como chegar<\/a>).<\/p>\n<p>O obxectivo principal da Gala \u00e9 a entrega dos V Premios Mestras e Mestres da Memoria, que se conceden a informantes de literatura popular, por toda unha vida de dedicaci\u00f3n exemplar \u00e1 transmisi\u00f3n oral de saberes e valores da nosa cultura popular tradicional. A proposta da Secci\u00f3n de Literatura de Tradici\u00f3n Oral, coordinada por Antonio Reigosa, a asemblea xeral de Socios-as da AELG acordou outorg\u00e1rllelos \u00e1s <a href=\"http:\/\/www.aelg.gal\/Polafias\/ShowVideosPolafiaByReporter.do?id=155\" target=\"_blank\" rel=\"noopener noreferrer\">Pandeireteiras da Al\u00e9n<\/a> (Orosia e Alsira Gil Ramos e \u00d3lida Diz Ramos) e a <a href=\"http:\/\/www.aelg.gal\/Polafias\/ShowVideosPolafiaByReporter.do?id=173\" target=\"_blank\" rel=\"noopener noreferrer\">Seraf\u00edn Mourelle Bugallo<\/a>.<\/p>\n<p>O principal valor dunha sociedade constit\u00faeno as persoas, os tesouros humanos vivos, homes e mulleres que estiveron atentos para recibir dos seus predecesores a herdanza cultural, que logo reciclan e recrean, e que adaptan e actualizan con xenerosidade para, por fin, transmitir todos eses saberes herdados aos que ve\u00f1en detr\u00e1s.<br \/>\nNesta cadea de comunicaci\u00f3n a cultura popular mantense viva porque se actualiza sen renunciar \u00e1s esencias que a distinguen, que a fan ao tempo singular e universal.<br \/>\nDesde a Secci\u00f3n de Literatura de Tradici\u00f3n Oral da Asociaci\u00f3n de Escritores en Lingua Galega (AELG) queremos contribu\u00edr a manter sempre aberta esa canle de comunicaci\u00f3n entre os que por idade e, como consecuencia, por acumulaci\u00f3n de experiencias e saberes, gardan a memoria deses esencias da nosa cultura e os que, pola contra, andan a\u00ednda descubrindo o mundo que os rodea.<\/p>\n<p>P\u00f3dese consultar\u00a0<a href=\"http:\/\/www.aelg.gal\/Polafias\/ShowMestres.do\" target=\"_blank\" rel=\"noopener noreferrer\">aqu<\/a>\u00ed a listaxe de persoas que xa foron nomeadas Mestras-es da Memoria pola Secci\u00f3n de Literatura de Tradici\u00f3n Oral, \u00e1 que o vindeiro s\u00e1bado se engadiran as Pandeireteiras da Al\u00e9n e Seraf\u00edn Mourelle.<\/p>\n<p>Fonte: <a href=\"http:\/\/www.aelg.org\/\" target=\"_blank\" rel=\"noopener noreferrer\">AELG <\/a>(Asociaci\u00f3n de Escritoras e Escritores en Lingua Galega)<\/p>","excerpt":"","slug":"gala-premios-mestras-e-mestres-da-memoria-2017","image":{"url":"http:\/\/culturaliagz.com\/wp-content\/uploads\/2017\/05\/Foto-24-05-17-00-57-22.jpg","id":1501,"extension":"jpg","width":513,"height":720,"sizes":{"thumbnail":{"width":150,"height":150,"mime-type":"image\/jpeg","url":"http:\/\/culturaliagz.com\/wp-content\/uploads\/2017\/05\/Foto-24-05-17-00-57-22-150x150.jpg"},"medium":{"width":214,"height":300,"mime-type":"image\/jpeg","url":"http:\/\/culturaliagz.com\/wp-content\/uploads\/2017\/05\/Foto-24-05-17-00-57-22-214x300.jpg"},"et-pb-post-main-image":{"width":400,"height":250,"mime-type":"image\/jpeg","url":"http:\/\/culturaliagz.com\/wp-content\/uploads\/2017\/05\/Foto-24-05-17-00-57-22-400x250.jpg"},"et-pb-post-main-image-fullwidth":{"width":513,"height":675,"mime-type":"image\/jpeg","url":"http:\/\/culturaliagz.com\/wp-content\/uploads\/2017\/05\/Foto-24-05-17-00-57-22-513x675.jpg"},"et-pb-portfolio-image":{"width":400,"height":284,"mime-type":"image\/jpeg","url":"http:\/\/culturaliagz.com\/wp-content\/uploads\/2017\/05\/Foto-24-05-17-00-57-22-400x284.jpg"},"et-pb-portfolio-module-image":{"width":510,"height":382,"mime-type":"image\/jpeg","url":"http:\/\/culturaliagz.com\/wp-content\/uploads\/2017\/05\/Foto-24-05-17-00-57-22-510x382.jpg"},"et-pb-gallery-module-image-portrait":{"width":400,"height":516,"mime-type":"image\/jpeg","url":"http:\/\/culturaliagz.com\/wp-content\/uploads\/2017\/05\/Foto-24-05-17-00-57-22-400x516.jpg"}}},"all_day":false,"start_date":"2017-05-27 18:00:00","start_date_details":{"year":"2017","month":"05","day":"27","hour":"18","minutes":"00","seconds":"00"},"end_date":"2017-05-27 20:00:00","end_date_details":{"year":"2017","month":"05","day":"27","hour":"20","minutes":"00","seconds":"00"},"utc_start_date":"2017-05-27 17:00:00","utc_start_date_details":{"year":"2017","month":"05","day":"27","hour":"17","minutes":"00","seconds":"00"},"utc_end_date":"2017-05-27 19:00:00","utc_end_date_details":{"year":"2017","month":"05","day":"27","hour":"19","minutes":"00","seconds":"00"},"timezone":"UTC+1","timezone_abbr":"","cost":"Gratuito","cost_details":{"currency_symbol":"\u20ac","currency_code":"","currency_position":"prefix","values":["0"]},"website":"","show_map":true,"show_map_link":true,"hide_from_listings":false,"sticky":true,"featured":true,"categories":[{"name":"Eventos","slug":"eventos","term_group":0,"term_taxonomy_id":52,"taxonomy":"tribe_events_cat","description":"","parent":0,"count":22,"filter":"raw","id":52,"urls":{"self":"http:\/\/culturaliagz.com\/index.php?rest_route=\/tribe\/events\/v1\/categories\/52","collection":"http:\/\/culturaliagz.com\/index.php?rest_route=\/tribe\/events\/v1\/categories"}}],"tags":[{"name":"AELG","slug":"aelg","term_group":0,"term_taxonomy_id":31,"taxonomy":"post_tag","description":"","parent":0,"count":33,"filter":"raw","id":31,"urls":{"self":"http:\/\/culturaliagz.com\/index.php?rest_route=\/tribe\/events\/v1\/tags\/31","collection":"http:\/\/culturaliagz.com\/index.php?rest_route=\/tribe\/events\/v1\/tags"}},{"name":"Antonio Reigosa","slug":"antonio-reigosa","term_group":0,"term_taxonomy_id":99,"taxonomy":"post_tag","description":"","parent":0,"count":11,"filter":"raw","id":99,"urls":{"self":"http:\/\/culturaliagz.com\/index.php?rest_route=\/tribe\/events\/v1\/tags\/99","collection":"http:\/\/culturaliagz.com\/index.php?rest_route=\/tribe\/events\/v1\/tags"}},{"name":"CONCELLO DE LUGO","slug":"concello-de-lugo","term_group":0,"term_taxonomy_id":201,"taxonomy":"post_tag","description":"","parent":0,"count":4,"filter":"raw","id":201,"urls":{"self":"http:\/\/culturaliagz.com\/index.php?rest_route=\/tribe\/events\/v1\/tags\/201","collection":"http:\/\/culturaliagz.com\/index.php?rest_route=\/tribe\/events\/v1\/tags"}},{"name":"Deputaci\u00f3n de Lugo","slug":"deputacion-de-lugo","term_group":0,"term_taxonomy_id":75,"taxonomy":"post_tag","description":"","parent":0,"count":13,"filter":"raw","id":75,"urls":{"self":"http:\/\/culturaliagz.com\/index.php?rest_route=\/tribe\/events\/v1\/tags\/75","collection":"http:\/\/culturaliagz.com\/index.php?rest_route=\/tribe\/events\/v1\/tags"}},{"name":"GALA PREMIOS MESTRAS E MESTRES DA MEMORIA 2017","slug":"gala-premios-mestras-e-mestres-da-memoria-2017","term_group":0,"term_taxonomy_id":202,"taxonomy":"post_tag","description":"","parent":0,"count":1,"filter":"raw","id":202,"urls":{"self":"http:\/\/culturaliagz.com\/index.php?rest_route=\/tribe\/events\/v1\/tags\/202","collection":"http:\/\/culturaliagz.com\/index.php?rest_route=\/tribe\/events\/v1\/tags"}},{"name":"Isidro Novo","slug":"isidro-novo","term_group":0,"term_taxonomy_id":203,"taxonomy":"post_tag","description":"","parent":0,"count":2,"filter":"raw","id":203,"urls":{"self":"http:\/\/culturaliagz.com\/index.php?rest_route=\/tribe\/events\/v1\/tags\/203","collection":"http:\/\/culturaliagz.com\/index.php?rest_route=\/tribe\/events\/v1\/tags"}},{"name":"Mercedes Queixas Zas","slug":"mercedes-queixas-zas","term_group":0,"term_taxonomy_id":204,"taxonomy":"post_tag","description":"","parent":0,"count":7,"filter":"raw","id":204,"urls":{"self":"http:\/\/culturaliagz.com\/index.php?rest_route=\/tribe\/events\/v1\/tags\/204","collection":"http:\/\/culturaliagz.com\/index.php?rest_route=\/tribe\/events\/v1\/tags"}}],"venue":[],"organizer":[],"custom_fields":[],"json_ld":{"@context":"http:\/\/schema.org","@type":"Event","name":"GALA PREMIOS MESTRAS E MESTRES DA MEMORIA 2017","description":"&lt;p&gt;Gala dos Premios Mestras e Mestres da Memoria 2017 S\u00e1bado, 27 de maio de 2017, \u00e1s 18:00 horas Centro Cultural Vello C\u00e1rcere de Lugo,\u00a0Avenida Alcalde Anxo L\u00f3pez P\u00e9rez, 34 (como [&hellip;]&lt;\/p&gt;\\n","image":"http:\/\/culturaliagz.com\/wp-content\/uploads\/2017\/05\/Foto-24-05-17-00-57-22.jpg","url":"http:\/\/culturaliagz.com\/?tribe_events=gala-premios-mestras-e-mestres-da-memoria-2017","eventAttendanceMode":"https:\/\/schema.org\/OfflineEventAttendanceMode","eventStatus":"https:\/\/schema.org\/EventScheduled","startDate":"2017-05-27T18:00:00+01:00","endDate":"2017-05-27T20:00:00+01:00","offers":{"@type":"Offer","price":"0","priceCurrency":"USD","url":"http:\/\/culturaliagz.com\/?tribe_events=gala-premios-mestras-e-mestres-da-memoria-2017","category":"primary","availability":"inStock","validFrom":"1970-01-01T00:00:00+00:00"},"performer":"Organization"}}